{"id":71536,"date":"2025-05-08T06:47:12","date_gmt":"2025-05-08T06:47:12","guid":{"rendered":"https:\/\/fixfm.lt\/?p=71536"},"modified":"2025-05-08T06:51:30","modified_gmt":"2025-05-08T06:51:30","slug":"ilgamete-egles-sanatorijos-darbuotoja-lina-zukauskiene-apdovanota-karolio-dineikos-vardo-premija","status":"publish","type":"post","link":"https:\/\/fixfm.lt\/en\/ilgamete-egles-sanatorijos-darbuotoja-lina-zukauskiene-apdovanota-karolio-dineikos-vardo-premija\/","title":{"rendered":"Ilgamet\u0117 \u201eEgl\u0117s sanatorijos\u201c darbuotoja Lina \u017dukauskien\u0117 apdovanota Karolio Dineikos vardo premija"},"content":{"rendered":"\n<p><\/p>\n\n\n\n<p>Vyr. kineziterapeut\u0117 Lina \u017dukauskien\u0117, skai\u010diuojanti jau 35-us darbo metus sanatorijoje, vykusioje Karolio Dineikos konferencijoje Druskininkuose buvo apdovanota Karolio Dineikos vardo premija u\u017e jos i\u0161skirtin\u012f atsidavim\u0105, profesionalum\u0105 ir svar\u0173 ind\u0117l\u012f \u012f sveikatinimo srit\u012f.<\/p>\n\n\n\n<p>\u201eA\u010di\u016b \u201eEgl\u0117s sanatorijai\u201d, kuri yra mano profesiniai namai, dalis mano gyvenimo, kuri suteik\u0117 man galimyb\u0119 augti. \u010cia patyriau, k\u0105 rei\u0161kia bendros vertyb\u0117s ir darbas, kuris turi prasm\u0119. Kineziterapija man yra ne tik profesija, bet ir gyvenimo b\u016bdas, kuriame kiekvienas judesys \u2013 tai \u017eingsnis link sveikesnio, stipresnio, laisvesnio ir laimingesnio \u017emogaus\u201d, \u2013 atsiimdama apdovanojim\u0105 sak\u0117 35-erius metus sanatorijoje kineziterapeute dirbanti ir i\u0161tisas kineziterapeut\u0173 kartas ugdanti Lina.<\/p>\n\n\n\n<p>Sunku net suskai\u010diuoti, kiek \u017emoni\u0173 per \u0161iuos metus sustipr\u0117jo padedami L. \u017dukauskien\u0117s. Specialist\u0117 atskleid\u017eia, kad tai ir yra maloniausia jos darbo sanatorijoje dalis \u2013 pagalba \u017emon\u0117ms, rezultatas, kur\u012f duoda reabilitacija sanatorijoje, ir d\u017eiugios \u017emoni\u0173 emocijos po s\u0117kmingo gydymo.<\/p>\n\n\n\n<p>Vyr. kineziterapeut\u0117 Lina \u017dukauskien\u0117 \u2013 darbuotojai neleis sumeluoti \u2013 vienas ry\u0161kiausi\u0173 \u201eEgl\u0117s sanatorijos\u201c \u0161viesuli\u0173. Ji kupina energijos ir pozityvumo, remdamasi Karolio Dineikos sveikatinimo metodika \u2013 klimato terapija, kv\u0117pavimo mank\u0161tos, gars\u0173 gimnastika \u2013 yra suk\u016brusi daug kineziterapijos proced\u016br\u0173 ir \u0161iuo keliu veda savo kineziterapeut\u0173 komand\u0105. Pasak Linos, nuo pat prad\u017ei\u0173, kai prie\u0161 35-erius metus ji prad\u0117jo darb\u0105 \u201eEgl\u0117s sanatorijoje\u201c \u2013 \u010dia j\u0105 pasitiko kolegos, kurie buvo K. Dineikos mokiniai. Ir visus \u0161iuo metus j\u0105 lydi K. Dineikos sveikatinimo principai.<\/p>\n\n\n\n<p>Ta\u010diau sutikite, \u0161iuolaikiniam \u017emogui sunku suvokti tok\u012f \u017emogaus profesin\u012f pastovum\u0105 ir nuoseklum\u0105. \u201eTie 35 metai pra\u0117jo taip greitai, per juos taip viskas keit\u0117si ir kei\u010diasi iki \u0161iol, kad nuo\u0161ird\u017eiai galiu pasakyti, niekada nebuvo nuobodu. 1989 metais \u201eEgl\u0117s sanatorijoje\u201c atlikin\u0117jau praktik\u0105 ir po jos atsisveikindama, kaip dabar pamenu, pasakiau, kad \u010dia tikrai sugr\u012f\u0161iu. Ir gr\u012f\u017eau labai greitai. Nors, nemeluosiu, tur\u0117jau puiki\u0173 darbo pasi\u016blym\u0173 Vilniuje, ta\u010diau Druskininkai \u2013 nuostabus miestas, mano miestas, tad pasilikau \u010dia. Tiesa, per \u0161\u012f laikotarp\u012f, pusme\u010diui, i\u0161 sanatorijos buvau \u201epab\u0117gusi\u201c \u012f kit\u0105 darboviet\u0119. Nat\u016bralu, man, kaip jaunam \u017emogui, buvo smalsu i\u0161bandyti k\u0105 nors naujo, bet po pus\u0117s met\u0173 supratau, kad mano \u0161irdis priklauso Eglei, tad nustojau save apgaudin\u0117ti ir gr\u012f\u017eau \u010dia, kur esu \u0161iandien\u201c, \u2013 prisiminimais apie profesinio darbo prad\u017ei\u0105 dalinosi vyr. kineziterapiaut\u0117.<\/p>\n\n\n\n<p>L. \u017dukauskienei visi\u0161kai suprantamas ir jaun\u0173 \u017emoni\u0173 po\u017ei\u016bris, noras i\u0161bandyti save skirtingose \u012fmon\u0117se, kolektyvuose. Ta\u010diau ji teigia, kad tai priklauso ir nuo s\u0117km\u0117s patekti \u012f \u012fmon\u0119, kuri atitinka tavo poreikius ir po\u017ei\u016br\u012f. \u201eJeigu tavo darboviet\u0117je viskas vyksta monotoni\u0161kai, jeigu darbdavys tau nesukuria galimybi\u0173 tobul\u0117ti, mokytis, jeigu tave supanti komanda yra ni\u016bri, nemotyvuota \u2013 \u017einoma, a\u0161 n\u0117 vieneri\u0173 met\u0173 nei\u0161tver\u010diau. Ta\u010diau \u201eEgl\u0117s sanatorijoje\u201c yra kitaip, tikrai tikiu, kad dauguma darbuotoj\u0173 man pritart\u0173. Sanatorija nestovi vietoje, nuolat kei\u010diasi ir tobul\u0117ja. Kai tik prad\u0117jau dirbti, tur\u0117jau toki\u0105 komand\u0105, kad<\/p>\n\n\n\n<p>daugumai tik pasvajoti, buvome kaip vienas kum\u0161tis, tas u\u017esidegimas ir noras augti \u2013 nenumaldomas. \u017dinoma, dabar taip pat dirbu su puikiais \u017emon\u0117mis, bet mano karjeros prad\u017eia buvo labai \u012fsimintina d\u0117l komandos, ugnel\u0117s j\u0173 akyse\u201c, \u2013 prisiminimais dalinosi Lina.<\/p>\n\n\n\n<p>Da\u017enai manoma, kad dirbant vienoje \u012fmon\u0117je negali tobul\u0117ti, ta\u010diau Lina tam prie\u0161tarauja. \u201eA\u0161 galiu tai paneigti! Labiausiai mane \u017eavi tai, kad ver\u017eliems \u017emon\u0117ms \u010dia suteikiama visi\u0161ka laisv\u0117. Turiu omenyje, laisv\u0117 tobul\u0117ti, mokytis, bandyti \u012fdiegti naujoves. \u010cia gali dr\u0105siai dalintis savo id\u0117jomis. \u017dinoma, ne visos jos \u012fgyvendinamos, bet visada i\u0161klausomos ir i\u0161diskutuojamos, o kartais, \u017ei\u016br\u0117k, matai, kad tavo pasi\u016blymas tapo realybe. Pavyzd\u017eiui, mes pirmieji Lietuvoje prad\u0117jome vesti \u201eGymstick\u201c mank\u0161tas vandenyje, nes ka\u017ekur i\u0161girdome, ka\u017ekur pamat\u0117me ir sugalvojom, kad mums reikia to i\u0161mokti \u2013 susiradome tai i\u0161manant\u012f lektori\u0173 ir \u012fdieg\u0117me \u0161i\u0105, tuo metu, naujov\u0119.<\/p>\n\n\n\n<p>Ir dar vienas labai svarbus aspektas, kur\u012f noriu pamin\u0117ti, tai technika ir technologijos, su kuriomis dirbame. \u201eEgl\u0117s sanatorijoje\u201c dirbdama visada tur\u0117jau i\u0161skirtin\u0119 galimyb\u0119 dirbti su naujausiais aparatais, susipa\u017einti su inovacijomis. Tai, kaip specialistui, kaip medicinos atstovui, yra ypatingai svarbu. Bet viskas, k\u0105 \u010dia jums pasakoju, vis tiek susideda \u012f vien\u0105 ir t\u0105 pat\u012f \u2013 galimyb\u0119 augti ir tobul\u0117ti\u201c, \u2013 d\u017eiaug\u0117si L. \u017dukauskien\u0117.<\/p>\n\n\n\n<p>Per savo profesin\u012f keli\u0105 Lina sukaup\u0117 begales s\u0117km\u0117s istorij\u0173, kurios yra jos kasdienio darbo \u012fkv\u0117pimas, variklis ir prasm\u0117. Ji pasakoja, kad pati maloniausia jos darbo dalis yra pagalba \u017emon\u0117ms ir rezultatas, kur\u012f matai po reabilitacijos. \u201eKiek kart\u0173 buv\u0119 taip, kad \u017emogus atva\u017eiuoja ant savo koj\u0173 nestov\u0117damas, visas li\u016bdnas, prarad\u0119s vilt\u012f&#8230; O tu j\u012f i\u0161lydi tiesiog \u0161vytint\u012f, \u017eingsniuojant\u012f gal ir ne tvirtu, bet u\u017etat ry\u017etingu \u017eingsniu savomis kojomis. Pamenu, kaip vienas pacientas tikr\u0105ja ta \u017eod\u017eio prasme nusvied\u0117 savo lazdel\u0119! Jam jos nebereik\u0117jo, jis gal\u0117jo eiti pats. \u017dmoni\u0173 akys, artim\u0173j\u0173 akys, kai pamato tarsi naujai gimus\u012f savo mylim\u0105 \u017emog\u0173. \u017dinokit, tai yra ka\u017ekas tokio, emocija \u017eod\u017eiais nenusakoma. Tai ir yra maloniausia kineziterapeuto darbo dalis. \u012esivaizduojate, kiek teigiamos energijos pasikrauni? Kiek laim\u0117s suteiki kitam ir tuo pa\u010diu sau?\u201c, \u2013 jaudinan\u010diais prisiminimais dalinosi Lina.<\/p>\n\n\n\n<p>U\u017ebaigdamas pokalb\u012f 35-erius metus \u201eEgl\u0117s sanatorijoje\u201c dirbanti vyr. kinezitereut\u0117 Lina \u017dukauskien\u0117 sak\u0117: \u201eKineziterapijoje galime pritaikyti posak\u012f \u2013 darbo \u0161aknys kar\u010dios, bet vaisiai labai sald\u016bs. Tad kineziterapeutams palink\u0117siu kantryb\u0117s \u0161iame daug meil\u0117s ir atsidavimo reikalaujan\u010diame darbe. Klientams linkiu tik\u0117jimo ir vilties \u2013 viskas yra \u012fmanoma. Bet pirmiausia, r\u016bpinkit\u0117s savo sveikata taip, kad nereik\u0117t\u0173 \u012f sanatorij\u0105 vykti reabilitacijai. K\u0105 turiu omeny? Lankykit\u0117s sanatorijoje reguliariai, tam yra skirtas sanatorinis gydymas, kuris yra reikalingas vis\u0173 am\u017eiaus grupi\u0173 \u017emon\u0117ms, tiek visi\u0161kai sveikiems, tiek turintiems koki\u0173 nors sveikatos sutrikim\u0173\u201c.<\/p>\n\n\n\n<p>Karolio Dineikos konferencijos dien\u0105 buvo atidaryta ir paveiksl\u0173 paroda jo vardo sveikatingumo parke. Parodoje \u201eMenas gyventi sveikai!\u201c yra eksponuojamos paveiksl\u0173 reprodukcijos \u2013 tai \u201eEgl\u0117s sanatorijos\u201c organizuojam\u0173 tarptautini\u0173 tapybos plener\u0173 metu gim\u0119 k\u016briniai, atspindintys ne tik svarbiausius sanatorinio gydymo principus, bet ir labai svarb\u0173 sveikatinimosi ry\u0161\u012f su menu.<\/p>\n\n\n\n<p>Simboli\u0161kai paroda eksponuojama K. Dineikos sveikatingumo parke. Beveik 30 met\u0173 \u0161iame parke dirb\u0119s K. Dineika puosel\u0117jo veiksmingus gydymo metodus, pagr\u012fstus gydomosiomis proced\u016bromis, masa\u017eais, specialiais kv\u0117pavimo pratimais ir saul\u0117s voniomis. D\u0117l veiksming\u0173 K. Dineikos proced\u016br\u0173 ir noro sustipr\u0117ti, \u012f Druskininkus sug\u016b\u017e\u0117davo b\u016briai \u017emoni\u0173 i\u0161 \u012fvairiausi\u0173 \u0161alies kampeli\u0173.<\/p>\n","protected":false},"excerpt":{"rendered":"<p>Vyr. kineziterapeut\u0117 Lina \u017dukauskien\u0117, skai\u010diuojanti jau 35-us darbo metus sanatorijoje, vykusioje Karolio Dineikos konferencijoje Druskininkuose buvo apdovanota Karolio Dineikos vardo premija u\u017e jos i\u0161skirtin\u012f atsidavim\u0105, profesionalum\u0105 ir svar\u0173 ind\u0117l\u012f \u012f sveikatinimo srit\u012f. \u201eA\u010di\u016b \u201eEgl\u0117s sanatorijai\u201d, kuri yra mano profesiniai namai, dalis mano gyvenimo, kuri suteik\u0117 man galimyb\u0119 augti. \u010cia patyriau, k\u0105 rei\u0161kia bendros vertyb\u0117s ir [&hellip;]<\/p>\n","protected":false},"author":8,"featured_media":71537,"comment_status":"closed","ping_status":"closed","sticky":false,"template":"","format":"standard","meta":{"_acf_changed":false,"inline_featured_image":false,"footnotes":""},"categories":[1],"tags":[],"display-locations_cat":[34],"post-city_cat":[40,41,89],"class_list":["post-71536","post","type-post","status-publish","format-standard","has-post-thumbnail","hentry","category-uncategorized","post-city_cat-druskininkai","post-city_cat-birstonas","post-city_cat-reabilitacijos-centrai"],"acf":{"header_image":71537,"summary":"Vyr. kineziterapeut\u0117 Lina \u017dukauskien\u0117, skai\u010diuojanti jau 35-us darbo metus sanatorijoje, vykusioje Karolio Dineikos konferencijoje Druskininkuose buvo apdovanota Karolio Dineikos vardo premija u\u017e jos i\u0161skirtin\u012f atsidavim\u0105, profesionalum\u0105 ir svar\u0173 ind\u0117l\u012f \u012f sveikatinimo srit\u012f.","moble_summary":"Vyr. kineziterapeut\u0117 Lina \u017dukauskien\u0117, skai\u010diuojanti jau 35-us darbo metus sanatorijoje, vykusioje Karolio Dineikos konferencijoje Druskininkuose buvo apdovanota Karolio Dineikos vardo premija u\u017e jos i\u0161skirtin\u012f atsidavim\u0105, profesionalum\u0105 ir svar\u0173 ind\u0117l\u012f \u012f sveikatinimo srit\u012f.","show_in_related":"no","valid_from":null,"valid_until":"20250507"},"yoast_head":"<!-- This site is optimized with the Yoast SEO plugin v22.9 - https:\/\/yoast.com\/wordpress\/plugins\/seo\/ -->\n<title>Ilgamet\u0117 \u201eEgl\u0117s sanatorijos\u201c darbuotoja Lina \u017dukauskien\u0117 apdovanota Karolio Dineikos vardo premija - Sanatorija<\/title>\n<meta name=\"description\" content=\"Vyr. kineziterapeut\u0117 Lina \u017dukauskien\u0117, skai\u010diuojanti jau 35-us darbo metus sanatorijoje, vykusioje Karolio Dineikos konferencijoje Druskininkuose buvo\" \/>\n<meta name=\"robots\" content=\"index, follow, max-snippet:-1, max-image-preview:large, max-video-preview:-1\" \/>\n<link rel=\"canonical\" href=\"https:\/\/fixfm.lt\/en\/ilgamete-egles-sanatorijos-darbuotoja-lina-zukauskiene-apdovanota-karolio-dineikos-vardo-premija\/\" \/>\n<meta property=\"og:locale\" content=\"en_US\" \/>\n<meta property=\"og:type\" content=\"article\" \/>\n<meta property=\"og:title\" content=\"Ilgamet\u0117 \u201eEgl\u0117s sanatorijos\u201c darbuotoja Lina \u017dukauskien\u0117 apdovanota Karolio Dineikos vardo premija - Sanatorija\" \/>\n<meta property=\"og:description\" content=\"Vyr. kineziterapeut\u0117 Lina \u017dukauskien\u0117, skai\u010diuojanti jau 35-us darbo metus sanatorijoje, vykusioje Karolio Dineikos konferencijoje Druskininkuose buvo\" \/>\n<meta property=\"og:url\" content=\"https:\/\/fixfm.lt\/en\/ilgamete-egles-sanatorijos-darbuotoja-lina-zukauskiene-apdovanota-karolio-dineikos-vardo-premija\/\" \/>\n<meta property=\"og:site_name\" content=\"Sanatorija\" \/>\n<meta property=\"article:publisher\" content=\"https:\/\/www.facebook.com\/eglessanatorija\/\" \/>\n<meta property=\"article:published_time\" content=\"2025-05-08T06:47:12+00:00\" \/>\n<meta property=\"article:modified_time\" content=\"2025-05-08T06:51:30+00:00\" \/>\n<meta property=\"og:image\" content=\"https:\/\/fixfm.lt\/app\/uploads\/2025\/05\/L.-Zukauskiene.jpg\" \/>\n\t<meta property=\"og:image:width\" content=\"1152\" \/>\n\t<meta property=\"og:image:height\" content=\"2048\" \/>\n\t<meta property=\"og:image:type\" content=\"image\/jpeg\" \/>\n<meta name=\"author\" content=\"Neringa Ma\u017eeikien\u0117\" \/>\n<meta name=\"twitter:label1\" content=\"Written by\" \/>\n\t<meta name=\"twitter:data1\" content=\"Neringa Ma\u017eeikien\u0117\" \/>\n\t<meta name=\"twitter:label2\" content=\"Est. reading time\" \/>\n\t<meta name=\"twitter:data2\" content=\"6 minutes\" \/>\n<script type=\"application\/ld+json\" class=\"yoast-schema-graph\">{\"@context\":\"https:\/\/schema.org\",\"@graph\":[{\"@type\":\"NewsArticle\",\"@id\":\"https:\/\/fixfm.lt\/en\/ilgamete-egles-sanatorijos-darbuotoja-lina-zukauskiene-apdovanota-karolio-dineikos-vardo-premija\/#article\",\"isPartOf\":{\"@id\":\"https:\/\/fixfm.lt\/en\/ilgamete-egles-sanatorijos-darbuotoja-lina-zukauskiene-apdovanota-karolio-dineikos-vardo-premija\/\"},\"author\":{\"name\":\"Neringa Ma\u017eeikien\u0117\",\"@id\":\"https:\/\/fixfm.lt\/en\/#\/schema\/person\/084326c2d683c3e64f1459c13dfa1750\"},\"headline\":\"Ilgamet\u0117 \u201eEgl\u0117s sanatorijos\u201c darbuotoja Lina \u017dukauskien\u0117 apdovanota Karolio Dineikos vardo premija\",\"datePublished\":\"2025-05-08T06:47:12+00:00\",\"dateModified\":\"2025-05-08T06:51:30+00:00\",\"mainEntityOfPage\":{\"@id\":\"https:\/\/fixfm.lt\/en\/ilgamete-egles-sanatorijos-darbuotoja-lina-zukauskiene-apdovanota-karolio-dineikos-vardo-premija\/\"},\"wordCount\":1064,\"publisher\":{\"@id\":\"https:\/\/fixfm.lt\/en\/#organization\"},\"image\":{\"@id\":\"https:\/\/fixfm.lt\/en\/ilgamete-egles-sanatorijos-darbuotoja-lina-zukauskiene-apdovanota-karolio-dineikos-vardo-premija\/#primaryimage\"},\"thumbnailUrl\":\"https:\/\/fixfm.lt\/app\/uploads\/2025\/05\/L.-Zukauskiene.jpg\",\"inLanguage\":\"en-US\"},{\"@type\":\"WebPage\",\"@id\":\"https:\/\/fixfm.lt\/en\/ilgamete-egles-sanatorijos-darbuotoja-lina-zukauskiene-apdovanota-karolio-dineikos-vardo-premija\/\",\"url\":\"https:\/\/fixfm.lt\/en\/ilgamete-egles-sanatorijos-darbuotoja-lina-zukauskiene-apdovanota-karolio-dineikos-vardo-premija\/\",\"name\":\"Ilgamet\u0117 \u201eEgl\u0117s sanatorijos\u201c darbuotoja Lina \u017dukauskien\u0117 apdovanota Karolio Dineikos vardo premija - Sanatorija\",\"isPartOf\":{\"@id\":\"https:\/\/fixfm.lt\/en\/#website\"},\"primaryImageOfPage\":{\"@id\":\"https:\/\/fixfm.lt\/en\/ilgamete-egles-sanatorijos-darbuotoja-lina-zukauskiene-apdovanota-karolio-dineikos-vardo-premija\/#primaryimage\"},\"image\":{\"@id\":\"https:\/\/fixfm.lt\/en\/ilgamete-egles-sanatorijos-darbuotoja-lina-zukauskiene-apdovanota-karolio-dineikos-vardo-premija\/#primaryimage\"},\"thumbnailUrl\":\"https:\/\/fixfm.lt\/app\/uploads\/2025\/05\/L.-Zukauskiene.jpg\",\"datePublished\":\"2025-05-08T06:47:12+00:00\",\"dateModified\":\"2025-05-08T06:51:30+00:00\",\"description\":\"Vyr. kineziterapeut\u0117 Lina \u017dukauskien\u0117, skai\u010diuojanti jau 35-us darbo metus sanatorijoje, vykusioje Karolio Dineikos konferencijoje Druskininkuose buvo\",\"breadcrumb\":{\"@id\":\"https:\/\/fixfm.lt\/en\/ilgamete-egles-sanatorijos-darbuotoja-lina-zukauskiene-apdovanota-karolio-dineikos-vardo-premija\/#breadcrumb\"},\"inLanguage\":\"en-US\",\"potentialAction\":[{\"@type\":\"ReadAction\",\"target\":[\"https:\/\/fixfm.lt\/en\/ilgamete-egles-sanatorijos-darbuotoja-lina-zukauskiene-apdovanota-karolio-dineikos-vardo-premija\/\"]}]},{\"@type\":\"ImageObject\",\"inLanguage\":\"en-US\",\"@id\":\"https:\/\/fixfm.lt\/en\/ilgamete-egles-sanatorijos-darbuotoja-lina-zukauskiene-apdovanota-karolio-dineikos-vardo-premija\/#primaryimage\",\"url\":\"https:\/\/fixfm.lt\/app\/uploads\/2025\/05\/L.-Zukauskiene.jpg\",\"contentUrl\":\"https:\/\/fixfm.lt\/app\/uploads\/2025\/05\/L.-Zukauskiene.jpg\",\"width\":1152,\"height\":2048},{\"@type\":\"BreadcrumbList\",\"@id\":\"https:\/\/fixfm.lt\/en\/ilgamete-egles-sanatorijos-darbuotoja-lina-zukauskiene-apdovanota-karolio-dineikos-vardo-premija\/#breadcrumb\",\"itemListElement\":[{\"@type\":\"ListItem\",\"position\":1,\"name\":\"Home\",\"item\":\"https:\/\/fixfm.lt\/en\/\"},{\"@type\":\"ListItem\",\"position\":2,\"name\":\"Ilgamet\u0117 \u201eEgl\u0117s sanatorijos\u201c darbuotoja Lina \u017dukauskien\u0117 apdovanota Karolio Dineikos vardo premija\"}]},{\"@type\":\"WebSite\",\"@id\":\"https:\/\/fixfm.lt\/en\/#website\",\"url\":\"https:\/\/fixfm.lt\/en\/\",\"name\":\"Sanatorija\",\"description\":\"Egl\u0117s sanatorija\",\"publisher\":{\"@id\":\"https:\/\/fixfm.lt\/en\/#organization\"},\"potentialAction\":[{\"@type\":\"SearchAction\",\"target\":{\"@type\":\"EntryPoint\",\"urlTemplate\":\"https:\/\/fixfm.lt\/en\/?s={search_term_string}\"},\"query-input\":\"required name=search_term_string\"}],\"inLanguage\":\"en-US\"},{\"@type\":\"Organization\",\"@id\":\"https:\/\/fixfm.lt\/en\/#organization\",\"name\":\"Sanatorija\",\"url\":\"https:\/\/fixfm.lt\/en\/\",\"logo\":{\"@type\":\"ImageObject\",\"inLanguage\":\"en-US\",\"@id\":\"https:\/\/fixfm.lt\/en\/#\/schema\/logo\/image\/\",\"url\":\"https:\/\/fixfm.lt\/app\/uploads\/2023\/03\/main-logo.svg\",\"contentUrl\":\"https:\/\/fixfm.lt\/app\/uploads\/2023\/03\/main-logo.svg\",\"width\":100,\"height\":81,\"caption\":\"Sanatorija\"},\"image\":{\"@id\":\"https:\/\/fixfm.lt\/en\/#\/schema\/logo\/image\/\"},\"sameAs\":[\"https:\/\/www.facebook.com\/eglessanatorija\/\",\"https:\/\/lt.linkedin.com\/company\/medical-spa-egles-sanatorija\",\"https:\/\/www.instagram.com\/sanatorija\/\",\"https:\/\/www.youtube.com\/channel\/UC3p2-SDkLF83WXjBZMYXYtQ\"]},{\"@type\":\"Person\",\"@id\":\"https:\/\/fixfm.lt\/en\/#\/schema\/person\/084326c2d683c3e64f1459c13dfa1750\",\"name\":\"Neringa Ma\u017eeikien\u0117\",\"image\":{\"@type\":\"ImageObject\",\"inLanguage\":\"en-US\",\"@id\":\"https:\/\/fixfm.lt\/en\/#\/schema\/person\/image\/\",\"url\":\"https:\/\/secure.gravatar.com\/avatar\/2abd01e92d7e71816591458e7e2f7a456822714492eb795dade50f62f35daa24?s=96&d=mm&r=g\",\"contentUrl\":\"https:\/\/secure.gravatar.com\/avatar\/2abd01e92d7e71816591458e7e2f7a456822714492eb795dade50f62f35daa24?s=96&d=mm&r=g\",\"caption\":\"Neringa Ma\u017eeikien\u0117\"}}]}<\/script>\n<!-- \/ Yoast SEO plugin. -->","yoast_head_json":{"title":"Ilgamet\u0117 \u201eEgl\u0117s sanatorijos\u201c darbuotoja Lina \u017dukauskien\u0117 apdovanota Karolio Dineikos vardo premija - Sanatorija","description":"Vyr. kineziterapeut\u0117 Lina \u017dukauskien\u0117, skai\u010diuojanti jau 35-us darbo metus sanatorijoje, vykusioje Karolio Dineikos konferencijoje Druskininkuose buvo","robots":{"index":"index","follow":"follow","max-snippet":"max-snippet:-1","max-image-preview":"max-image-preview:large","max-video-preview":"max-video-preview:-1"},"canonical":"https:\/\/fixfm.lt\/en\/ilgamete-egles-sanatorijos-darbuotoja-lina-zukauskiene-apdovanota-karolio-dineikos-vardo-premija\/","og_locale":"en_US","og_type":"article","og_title":"Ilgamet\u0117 \u201eEgl\u0117s sanatorijos\u201c darbuotoja Lina \u017dukauskien\u0117 apdovanota Karolio Dineikos vardo premija - Sanatorija","og_description":"Vyr. kineziterapeut\u0117 Lina \u017dukauskien\u0117, skai\u010diuojanti jau 35-us darbo metus sanatorijoje, vykusioje Karolio Dineikos konferencijoje Druskininkuose buvo","og_url":"https:\/\/fixfm.lt\/en\/ilgamete-egles-sanatorijos-darbuotoja-lina-zukauskiene-apdovanota-karolio-dineikos-vardo-premija\/","og_site_name":"Sanatorija","article_publisher":"https:\/\/www.facebook.com\/eglessanatorija\/","article_published_time":"2025-05-08T06:47:12+00:00","article_modified_time":"2025-05-08T06:51:30+00:00","og_image":[{"width":1152,"height":2048,"url":"https:\/\/fixfm.lt\/app\/uploads\/2025\/05\/L.-Zukauskiene.jpg","type":"image\/jpeg"}],"author":"Neringa Ma\u017eeikien\u0117","twitter_misc":{"Written by":"Neringa Ma\u017eeikien\u0117","Est. reading time":"6 minutes"},"schema":{"@context":"https:\/\/schema.org","@graph":[{"@type":"NewsArticle","@id":"https:\/\/fixfm.lt\/en\/ilgamete-egles-sanatorijos-darbuotoja-lina-zukauskiene-apdovanota-karolio-dineikos-vardo-premija\/#article","isPartOf":{"@id":"https:\/\/fixfm.lt\/en\/ilgamete-egles-sanatorijos-darbuotoja-lina-zukauskiene-apdovanota-karolio-dineikos-vardo-premija\/"},"author":{"name":"Neringa Ma\u017eeikien\u0117","@id":"https:\/\/fixfm.lt\/en\/#\/schema\/person\/084326c2d683c3e64f1459c13dfa1750"},"headline":"Ilgamet\u0117 \u201eEgl\u0117s sanatorijos\u201c darbuotoja Lina \u017dukauskien\u0117 apdovanota Karolio Dineikos vardo premija","datePublished":"2025-05-08T06:47:12+00:00","dateModified":"2025-05-08T06:51:30+00:00","mainEntityOfPage":{"@id":"https:\/\/fixfm.lt\/en\/ilgamete-egles-sanatorijos-darbuotoja-lina-zukauskiene-apdovanota-karolio-dineikos-vardo-premija\/"},"wordCount":1064,"publisher":{"@id":"https:\/\/fixfm.lt\/en\/#organization"},"image":{"@id":"https:\/\/fixfm.lt\/en\/ilgamete-egles-sanatorijos-darbuotoja-lina-zukauskiene-apdovanota-karolio-dineikos-vardo-premija\/#primaryimage"},"thumbnailUrl":"https:\/\/fixfm.lt\/app\/uploads\/2025\/05\/L.-Zukauskiene.jpg","inLanguage":"en-US"},{"@type":"WebPage","@id":"https:\/\/fixfm.lt\/en\/ilgamete-egles-sanatorijos-darbuotoja-lina-zukauskiene-apdovanota-karolio-dineikos-vardo-premija\/","url":"https:\/\/fixfm.lt\/en\/ilgamete-egles-sanatorijos-darbuotoja-lina-zukauskiene-apdovanota-karolio-dineikos-vardo-premija\/","name":"Ilgamet\u0117 \u201eEgl\u0117s sanatorijos\u201c darbuotoja Lina \u017dukauskien\u0117 apdovanota Karolio Dineikos vardo premija - Sanatorija","isPartOf":{"@id":"https:\/\/fixfm.lt\/en\/#website"},"primaryImageOfPage":{"@id":"https:\/\/fixfm.lt\/en\/ilgamete-egles-sanatorijos-darbuotoja-lina-zukauskiene-apdovanota-karolio-dineikos-vardo-premija\/#primaryimage"},"image":{"@id":"https:\/\/fixfm.lt\/en\/ilgamete-egles-sanatorijos-darbuotoja-lina-zukauskiene-apdovanota-karolio-dineikos-vardo-premija\/#primaryimage"},"thumbnailUrl":"https:\/\/fixfm.lt\/app\/uploads\/2025\/05\/L.-Zukauskiene.jpg","datePublished":"2025-05-08T06:47:12+00:00","dateModified":"2025-05-08T06:51:30+00:00","description":"Vyr. kineziterapeut\u0117 Lina \u017dukauskien\u0117, skai\u010diuojanti jau 35-us darbo metus sanatorijoje, vykusioje Karolio Dineikos konferencijoje Druskininkuose buvo","breadcrumb":{"@id":"https:\/\/fixfm.lt\/en\/ilgamete-egles-sanatorijos-darbuotoja-lina-zukauskiene-apdovanota-karolio-dineikos-vardo-premija\/#breadcrumb"},"inLanguage":"en-US","potentialAction":[{"@type":"ReadAction","target":["https:\/\/fixfm.lt\/en\/ilgamete-egles-sanatorijos-darbuotoja-lina-zukauskiene-apdovanota-karolio-dineikos-vardo-premija\/"]}]},{"@type":"ImageObject","inLanguage":"en-US","@id":"https:\/\/fixfm.lt\/en\/ilgamete-egles-sanatorijos-darbuotoja-lina-zukauskiene-apdovanota-karolio-dineikos-vardo-premija\/#primaryimage","url":"https:\/\/fixfm.lt\/app\/uploads\/2025\/05\/L.-Zukauskiene.jpg","contentUrl":"https:\/\/fixfm.lt\/app\/uploads\/2025\/05\/L.-Zukauskiene.jpg","width":1152,"height":2048},{"@type":"BreadcrumbList","@id":"https:\/\/fixfm.lt\/en\/ilgamete-egles-sanatorijos-darbuotoja-lina-zukauskiene-apdovanota-karolio-dineikos-vardo-premija\/#breadcrumb","itemListElement":[{"@type":"ListItem","position":1,"name":"Home","item":"https:\/\/fixfm.lt\/en\/"},{"@type":"ListItem","position":2,"name":"Ilgamet\u0117 \u201eEgl\u0117s sanatorijos\u201c darbuotoja Lina \u017dukauskien\u0117 apdovanota Karolio Dineikos vardo premija"}]},{"@type":"WebSite","@id":"https:\/\/fixfm.lt\/en\/#website","url":"https:\/\/fixfm.lt\/en\/","name":"Sanatorija","description":"Egl\u0117s sanatorija","publisher":{"@id":"https:\/\/fixfm.lt\/en\/#organization"},"potentialAction":[{"@type":"SearchAction","target":{"@type":"EntryPoint","urlTemplate":"https:\/\/fixfm.lt\/en\/?s={search_term_string}"},"query-input":"required name=search_term_string"}],"inLanguage":"en-US"},{"@type":"Organization","@id":"https:\/\/fixfm.lt\/en\/#organization","name":"Sanatorija","url":"https:\/\/fixfm.lt\/en\/","logo":{"@type":"ImageObject","inLanguage":"en-US","@id":"https:\/\/fixfm.lt\/en\/#\/schema\/logo\/image\/","url":"https:\/\/fixfm.lt\/app\/uploads\/2023\/03\/main-logo.svg","contentUrl":"https:\/\/fixfm.lt\/app\/uploads\/2023\/03\/main-logo.svg","width":100,"height":81,"caption":"Sanatorija"},"image":{"@id":"https:\/\/fixfm.lt\/en\/#\/schema\/logo\/image\/"},"sameAs":["https:\/\/www.facebook.com\/eglessanatorija\/","https:\/\/lt.linkedin.com\/company\/medical-spa-egles-sanatorija","https:\/\/www.instagram.com\/sanatorija\/","https:\/\/www.youtube.com\/channel\/UC3p2-SDkLF83WXjBZMYXYtQ"]},{"@type":"Person","@id":"https:\/\/fixfm.lt\/en\/#\/schema\/person\/084326c2d683c3e64f1459c13dfa1750","name":"Neringa Ma\u017eeikien\u0117","image":{"@type":"ImageObject","inLanguage":"en-US","@id":"https:\/\/fixfm.lt\/en\/#\/schema\/person\/image\/","url":"https:\/\/secure.gravatar.com\/avatar\/2abd01e92d7e71816591458e7e2f7a456822714492eb795dade50f62f35daa24?s=96&d=mm&r=g","contentUrl":"https:\/\/secure.gravatar.com\/avatar\/2abd01e92d7e71816591458e7e2f7a456822714492eb795dade50f62f35daa24?s=96&d=mm&r=g","caption":"Neringa Ma\u017eeikien\u0117"}}]}},"_links":{"self":[{"href":"https:\/\/fixfm.lt\/en\/wp-json\/wp\/v2\/posts\/71536","targetHints":{"allow":["GET"]}}],"collection":[{"href":"https:\/\/fixfm.lt\/en\/wp-json\/wp\/v2\/posts"}],"about":[{"href":"https:\/\/fixfm.lt\/en\/wp-json\/wp\/v2\/types\/post"}],"author":[{"embeddable":true,"href":"https:\/\/fixfm.lt\/en\/wp-json\/wp\/v2\/users\/8"}],"replies":[{"embeddable":true,"href":"https:\/\/fixfm.lt\/en\/wp-json\/wp\/v2\/comments?post=71536"}],"version-history":[{"count":2,"href":"https:\/\/fixfm.lt\/en\/wp-json\/wp\/v2\/posts\/71536\/revisions"}],"predecessor-version":[{"id":71543,"href":"https:\/\/fixfm.lt\/en\/wp-json\/wp\/v2\/posts\/71536\/revisions\/71543"}],"wp:featuredmedia":[{"embeddable":true,"href":"https:\/\/fixfm.lt\/en\/wp-json\/wp\/v2\/media\/71537"}],"wp:attachment":[{"href":"https:\/\/fixfm.lt\/en\/wp-json\/wp\/v2\/media?parent=71536"}],"wp:term":[{"taxonomy":"category","embeddable":true,"href":"https:\/\/fixfm.lt\/en\/wp-json\/wp\/v2\/categories?post=71536"},{"taxonomy":"post_tag","embeddable":true,"href":"https:\/\/fixfm.lt\/en\/wp-json\/wp\/v2\/tags?post=71536"},{"taxonomy":"display-locations_cat","embeddable":true,"href":"https:\/\/fixfm.lt\/en\/wp-json\/wp\/v2\/display-locations_cat?post=71536"},{"taxonomy":"post-city_cat","embeddable":true,"href":"https:\/\/fixfm.lt\/en\/wp-json\/wp\/v2\/post-city_cat?post=71536"}],"curies":[{"name":"wp","href":"https:\/\/api.w.org\/{rel}","templated":true}]}}