{"id":5815,"date":"2023-06-28T16:13:58","date_gmt":"2023-06-28T16:13:58","guid":{"rendered":"https:\/\/fixfm.lt\/?p=5815"},"modified":"2024-03-12T15:12:51","modified_gmt":"2024-03-12T15:12:51","slug":"kurzentrum-egles-sanatorija-eroeffnete-ein-tageszentrum-in-vilnius","status":"publish","type":"post","link":"https:\/\/fixfm.lt\/de\/kurzentrum-egles-sanatorija-eroeffnete-ein-tageszentrum-in-vilnius\/","title":{"rendered":"Kurzentrum \u201eEgl\u0117s sanatorija\u201c er\u00f6ffnete ein Tageszentrum in Vilnius"},"content":{"rendered":"\n<p><\/p>\n\n\n\n<p>Seit \u00fcber 50 Jahren schafft und pflegt das Kurzentrum \u201eEgl\u0117s sanatorija\u201c seine Kurbehandlungstraditionen, bewahrt hohe Kompetenz der Mitarbeiter und wendet unikale Ressourcen der Natur an \u2013 Heilschlamm und Mineralwasser. So hilft es den Menschen, Gesundheit zu st\u00e4rken, zu erhalten und zur\u00fcck zu gewinnen. Von nun an werden wir diese langj\u00e4hrige Erfahrung in der Gesundheitsf\u00f6rderung auch im Tageszentrum in Vilnius, Konstitucijos pr. 20, teilen!<\/p>\n\n\n\n<p>\u201eDas ist das erste Tageszentrum des Kurzentrums \u201eEgl\u0117s sanatorija\u201c, dessen Kunden solche Behandlungen erhalten, die von den Kunden des Kurzentrums seit vielen Jahren gesch\u00e4tzt werden und einen gro\u00dfen Einfluss auf den Gesundheitsf\u00f6rderungsprozess aus\u00fcben: therapeutische Massagen, therapeutische Gymnastiken sowie physiotherapeutische Behandlungen. Wir investieren in das Tageszentrum \u2013 aufgrund unserer langj\u00e4hrigen Erfahrung in der Gesundheitsf\u00f6rderung, hoher Kompetenz der Spezialisten und der Mission, Menschen zu helfen, ges\u00fcnder zu sein, so Art\u016bras Salda, der Hauptgesch\u00e4tsf\u00fchrer des Kurzentrums \u201eEgl\u0117s sanatorija\u201c.<\/p>\n\n\n\n<p>Im Taggeszentrum werden klassische und Lymphodrainage Massagen, therapeutische Einzel- und Gruppengymnastiken sowie unterschiedliche physiotherapeutische Behandlungen durchgef\u00fchrt. Das sind besonders wertvolle und effektive Behandlungen f\u00fcr die St\u00e4rkung der Gesundheit.<\/p>\n\n\n\n<p>Im Tageszentrum, ebenso wie in den Kurzentren \u201eEgl\u0117s sanatorija\u201c von Druskininkai und Bir\u0161tonas,&nbsp;&nbsp; funktioniert das Loyalit\u00e4tsprogramm f\u00fcr Kunden. Hier unterliegen treue Kunden auch einem Rabatt auf Behandlungen entsprechend dem verf\u00fcgbaren Loyalit\u00e4tsgrad.<\/p>\n\n\n\n<p>Mehr Infos und Reservierung unter der Telefonnummer: +370 675 51&nbsp;580<\/p>\n","protected":false},"excerpt":{"rendered":"<p>Seit \u00fcber 50 Jahren schafft und pflegt das Kurzentrum \u201eEgl\u0117s sanatorija\u201c seine Kurbehandlungstraditionen, bewahrt hohe Kompetenz der Mitarbeiter und wendet unikale Ressourcen der Natur an \u2013 Heilschlamm und Mineralwasser. So hilft es den Menschen, Gesundheit zu st\u00e4rken, zu erhalten und zur\u00fcck zu gewinnen. Von nun an werden wir diese langj\u00e4hrige Erfahrung in der Gesundheitsf\u00f6rderung auch [&hellip;]<\/p>\n","protected":false},"author":2,"featured_media":3451,"comment_status":"closed","ping_status":"closed","sticky":false,"template":"","format":"standard","meta":{"_acf_changed":false,"inline_featured_image":false,"footnotes":""},"categories":[168],"tags":[],"display-locations_cat":[34],"post-city_cat":[40,41,89],"class_list":["post-5815","post","type-post","status-publish","format-standard","has-post-thumbnail","hentry","category-nachricht","post-city_cat-druskininkai","post-city_cat-birstonas","post-city_cat-reabilitacijos-centrai"],"acf":{"header_image":3451,"summary":"Seit \u00fcber 50 Jahren schafft und pflegt das Kurzentrum \u201eEgl\u0117s sanatorija\u201c seine Kurbehandlungstraditionen, bewahrt hohe Kompetenz der Mitarbeiter und wendet unikale Ressourcen der Natur an \u2013 Heilschlamm und Mineralwasser. So hilft es den Menschen, Gesundheit zu st\u00e4rken, zu erhalten und zur\u00fcck zu gewinnen. Von nun an werden wir diese langj\u00e4hrige Erfahrung in der Gesundheitsf\u00f6rderung auch im Tageszentrum in Vilnius, Konstitucijos pr. 20, teilen!","moble_summary":"Nuo \u0161iol \u0161ia ilgamete sveikatinimo patirtimi dalinsis ir Reabilitacijos centre Vilniuje, Konstitucijos pr. 20!","show_in_related":"no","valid_from":null,"valid_until":null},"yoast_head":"<!-- This site is optimized with the Yoast SEO plugin v22.9 - https:\/\/yoast.com\/wordpress\/plugins\/seo\/ -->\n<title>Kurzentrum \u201eEgl\u0117s sanatorija\u201c er\u00f6ffnete ein Tageszentrum in Vilnius - Sanatorija<\/title>\n<meta name=\"description\" content=\"Seit \u00fcber 50 Jahren schafft und pflegt das Kurzentrum \u201eEgl\u0117s sanatorija\u201c seine Kurbehandlungstraditionen, bewahrt hohe Kompetenz der Mitarbeiter und\" \/>\n<meta name=\"robots\" content=\"index, follow, max-snippet:-1, max-image-preview:large, max-video-preview:-1\" \/>\n<link rel=\"canonical\" href=\"https:\/\/fixfm.lt\/de\/kurzentrum-egles-sanatorija-eroeffnete-ein-tageszentrum-in-vilnius\/\" \/>\n<meta property=\"og:locale\" content=\"de_DE\" \/>\n<meta property=\"og:type\" content=\"article\" \/>\n<meta property=\"og:title\" content=\"Kurzentrum \u201eEgl\u0117s sanatorija\u201c er\u00f6ffnete ein Tageszentrum in Vilnius - Sanatorija\" \/>\n<meta property=\"og:description\" content=\"Seit \u00fcber 50 Jahren schafft und pflegt das Kurzentrum \u201eEgl\u0117s sanatorija\u201c seine Kurbehandlungstraditionen, bewahrt hohe Kompetenz der Mitarbeiter und\" \/>\n<meta property=\"og:url\" content=\"https:\/\/fixfm.lt\/de\/kurzentrum-egles-sanatorija-eroeffnete-ein-tageszentrum-in-vilnius\/\" \/>\n<meta property=\"og:site_name\" content=\"Sanatorija\" \/>\n<meta property=\"article:publisher\" content=\"https:\/\/www.facebook.com\/eglessanatorija\/\" \/>\n<meta property=\"article:published_time\" content=\"2023-06-28T16:13:58+00:00\" \/>\n<meta property=\"article:modified_time\" content=\"2024-03-12T15:12:51+00:00\" \/>\n<meta property=\"og:image\" content=\"https:\/\/fixfm.lt\/app\/uploads\/2023\/06\/DS_2052-scaled.jpg\" \/>\n\t<meta property=\"og:image:width\" content=\"2560\" \/>\n\t<meta property=\"og:image:height\" content=\"1707\" \/>\n\t<meta property=\"og:image:type\" content=\"image\/jpeg\" \/>\n<meta name=\"author\" content=\"sanatorija-edita\" \/>\n<meta name=\"twitter:label1\" content=\"Written by\" \/>\n\t<meta name=\"twitter:data1\" content=\"sanatorija-edita\" \/>\n\t<meta name=\"twitter:label2\" content=\"Est. reading time\" \/>\n\t<meta name=\"twitter:data2\" content=\"2 minutes\" \/>\n<script type=\"application\/ld+json\" class=\"yoast-schema-graph\">{\"@context\":\"https:\/\/schema.org\",\"@graph\":[{\"@type\":\"NewsArticle\",\"@id\":\"https:\/\/fixfm.lt\/de\/kurzentrum-egles-sanatorija-eroeffnete-ein-tageszentrum-in-vilnius\/#article\",\"isPartOf\":{\"@id\":\"https:\/\/fixfm.lt\/de\/kurzentrum-egles-sanatorija-eroeffnete-ein-tageszentrum-in-vilnius\/\"},\"author\":{\"name\":\"sanatorija-edita\",\"@id\":\"https:\/\/fixfm.lt\/de\/#\/schema\/person\/626319a891b9275c0146c4b55efddc74\"},\"headline\":\"Kurzentrum \u201eEgl\u0117s sanatorija\u201c er\u00f6ffnete ein Tageszentrum in Vilnius\",\"datePublished\":\"2023-06-28T16:13:58+00:00\",\"dateModified\":\"2024-03-12T15:12:51+00:00\",\"mainEntityOfPage\":{\"@id\":\"https:\/\/fixfm.lt\/de\/kurzentrum-egles-sanatorija-eroeffnete-ein-tageszentrum-in-vilnius\/\"},\"wordCount\":239,\"publisher\":{\"@id\":\"https:\/\/fixfm.lt\/de\/#organization\"},\"image\":{\"@id\":\"https:\/\/fixfm.lt\/de\/kurzentrum-egles-sanatorija-eroeffnete-ein-tageszentrum-in-vilnius\/#primaryimage\"},\"thumbnailUrl\":\"https:\/\/fixfm.lt\/app\/uploads\/2023\/06\/DS_2052-scaled.jpg\",\"articleSection\":[\"Nachricht\"],\"inLanguage\":\"de-DE\"},{\"@type\":\"WebPage\",\"@id\":\"https:\/\/fixfm.lt\/de\/kurzentrum-egles-sanatorija-eroeffnete-ein-tageszentrum-in-vilnius\/\",\"url\":\"https:\/\/fixfm.lt\/de\/kurzentrum-egles-sanatorija-eroeffnete-ein-tageszentrum-in-vilnius\/\",\"name\":\"Kurzentrum \u201eEgl\u0117s sanatorija\u201c er\u00f6ffnete ein Tageszentrum in Vilnius - Sanatorija\",\"isPartOf\":{\"@id\":\"https:\/\/fixfm.lt\/de\/#website\"},\"primaryImageOfPage\":{\"@id\":\"https:\/\/fixfm.lt\/de\/kurzentrum-egles-sanatorija-eroeffnete-ein-tageszentrum-in-vilnius\/#primaryimage\"},\"image\":{\"@id\":\"https:\/\/fixfm.lt\/de\/kurzentrum-egles-sanatorija-eroeffnete-ein-tageszentrum-in-vilnius\/#primaryimage\"},\"thumbnailUrl\":\"https:\/\/fixfm.lt\/app\/uploads\/2023\/06\/DS_2052-scaled.jpg\",\"datePublished\":\"2023-06-28T16:13:58+00:00\",\"dateModified\":\"2024-03-12T15:12:51+00:00\",\"description\":\"Seit \u00fcber 50 Jahren schafft und pflegt das Kurzentrum \u201eEgl\u0117s sanatorija\u201c seine Kurbehandlungstraditionen, bewahrt hohe Kompetenz der Mitarbeiter und\",\"breadcrumb\":{\"@id\":\"https:\/\/fixfm.lt\/de\/kurzentrum-egles-sanatorija-eroeffnete-ein-tageszentrum-in-vilnius\/#breadcrumb\"},\"inLanguage\":\"de-DE\",\"potentialAction\":[{\"@type\":\"ReadAction\",\"target\":[\"https:\/\/fixfm.lt\/de\/kurzentrum-egles-sanatorija-eroeffnete-ein-tageszentrum-in-vilnius\/\"]}]},{\"@type\":\"ImageObject\",\"inLanguage\":\"de-DE\",\"@id\":\"https:\/\/fixfm.lt\/de\/kurzentrum-egles-sanatorija-eroeffnete-ein-tageszentrum-in-vilnius\/#primaryimage\",\"url\":\"https:\/\/fixfm.lt\/app\/uploads\/2023\/06\/DS_2052-scaled.jpg\",\"contentUrl\":\"https:\/\/fixfm.lt\/app\/uploads\/2023\/06\/DS_2052-scaled.jpg\",\"width\":2560,\"height\":1707},{\"@type\":\"BreadcrumbList\",\"@id\":\"https:\/\/fixfm.lt\/de\/kurzentrum-egles-sanatorija-eroeffnete-ein-tageszentrum-in-vilnius\/#breadcrumb\",\"itemListElement\":[{\"@type\":\"ListItem\",\"position\":1,\"name\":\"Home\",\"item\":\"https:\/\/fixfm.lt\/de\/\"},{\"@type\":\"ListItem\",\"position\":2,\"name\":\"Kurzentrum \u201eEgl\u0117s sanatorija\u201c er\u00f6ffnete ein Tageszentrum in Vilnius\"}]},{\"@type\":\"WebSite\",\"@id\":\"https:\/\/fixfm.lt\/de\/#website\",\"url\":\"https:\/\/fixfm.lt\/de\/\",\"name\":\"Sanatorija\",\"description\":\"Egl\u0117s sanatorija\",\"publisher\":{\"@id\":\"https:\/\/fixfm.lt\/de\/#organization\"},\"potentialAction\":[{\"@type\":\"SearchAction\",\"target\":{\"@type\":\"EntryPoint\",\"urlTemplate\":\"https:\/\/fixfm.lt\/de\/?s={search_term_string}\"},\"query-input\":\"required name=search_term_string\"}],\"inLanguage\":\"de-DE\"},{\"@type\":\"Organization\",\"@id\":\"https:\/\/fixfm.lt\/de\/#organization\",\"name\":\"Sanatorija\",\"url\":\"https:\/\/fixfm.lt\/de\/\",\"logo\":{\"@type\":\"ImageObject\",\"inLanguage\":\"de-DE\",\"@id\":\"https:\/\/fixfm.lt\/de\/#\/schema\/logo\/image\/\",\"url\":\"https:\/\/fixfm.lt\/app\/uploads\/2023\/03\/main-logo.svg\",\"contentUrl\":\"https:\/\/fixfm.lt\/app\/uploads\/2023\/03\/main-logo.svg\",\"width\":100,\"height\":81,\"caption\":\"Sanatorija\"},\"image\":{\"@id\":\"https:\/\/fixfm.lt\/de\/#\/schema\/logo\/image\/\"},\"sameAs\":[\"https:\/\/www.facebook.com\/eglessanatorija\/\",\"https:\/\/lt.linkedin.com\/company\/medical-spa-egles-sanatorija\",\"https:\/\/www.instagram.com\/sanatorija\/\",\"https:\/\/www.youtube.com\/channel\/UC3p2-SDkLF83WXjBZMYXYtQ\"]},{\"@type\":\"Person\",\"@id\":\"https:\/\/fixfm.lt\/de\/#\/schema\/person\/626319a891b9275c0146c4b55efddc74\",\"name\":\"sanatorija-edita\",\"image\":{\"@type\":\"ImageObject\",\"inLanguage\":\"de-DE\",\"@id\":\"https:\/\/fixfm.lt\/de\/#\/schema\/person\/image\/\",\"url\":\"https:\/\/secure.gravatar.com\/avatar\/c8329dfd94151d753eebe334aca585cd4967182d46de2d1b204bf45aa80ab37d?s=96&d=mm&r=g\",\"contentUrl\":\"https:\/\/secure.gravatar.com\/avatar\/c8329dfd94151d753eebe334aca585cd4967182d46de2d1b204bf45aa80ab37d?s=96&d=mm&r=g\",\"caption\":\"sanatorija-edita\"}}]}<\/script>\n<!-- \/ Yoast SEO plugin. -->","yoast_head_json":{"title":"Kurzentrum \u201eEgl\u0117s sanatorija\u201c er\u00f6ffnete ein Tageszentrum in Vilnius - Sanatorija","description":"Seit \u00fcber 50 Jahren schafft und pflegt das Kurzentrum \u201eEgl\u0117s sanatorija\u201c seine Kurbehandlungstraditionen, bewahrt hohe Kompetenz der Mitarbeiter und","robots":{"index":"index","follow":"follow","max-snippet":"max-snippet:-1","max-image-preview":"max-image-preview:large","max-video-preview":"max-video-preview:-1"},"canonical":"https:\/\/fixfm.lt\/de\/kurzentrum-egles-sanatorija-eroeffnete-ein-tageszentrum-in-vilnius\/","og_locale":"de_DE","og_type":"article","og_title":"Kurzentrum \u201eEgl\u0117s sanatorija\u201c er\u00f6ffnete ein Tageszentrum in Vilnius - Sanatorija","og_description":"Seit \u00fcber 50 Jahren schafft und pflegt das Kurzentrum \u201eEgl\u0117s sanatorija\u201c seine Kurbehandlungstraditionen, bewahrt hohe Kompetenz der Mitarbeiter und","og_url":"https:\/\/fixfm.lt\/de\/kurzentrum-egles-sanatorija-eroeffnete-ein-tageszentrum-in-vilnius\/","og_site_name":"Sanatorija","article_publisher":"https:\/\/www.facebook.com\/eglessanatorija\/","article_published_time":"2023-06-28T16:13:58+00:00","article_modified_time":"2024-03-12T15:12:51+00:00","og_image":[{"width":2560,"height":1707,"url":"https:\/\/fixfm.lt\/app\/uploads\/2023\/06\/DS_2052-scaled.jpg","type":"image\/jpeg"}],"author":"sanatorija-edita","twitter_misc":{"Written by":"sanatorija-edita","Est. reading time":"2 minutes"},"schema":{"@context":"https:\/\/schema.org","@graph":[{"@type":"NewsArticle","@id":"https:\/\/fixfm.lt\/de\/kurzentrum-egles-sanatorija-eroeffnete-ein-tageszentrum-in-vilnius\/#article","isPartOf":{"@id":"https:\/\/fixfm.lt\/de\/kurzentrum-egles-sanatorija-eroeffnete-ein-tageszentrum-in-vilnius\/"},"author":{"name":"sanatorija-edita","@id":"https:\/\/fixfm.lt\/de\/#\/schema\/person\/626319a891b9275c0146c4b55efddc74"},"headline":"Kurzentrum \u201eEgl\u0117s sanatorija\u201c er\u00f6ffnete ein Tageszentrum in Vilnius","datePublished":"2023-06-28T16:13:58+00:00","dateModified":"2024-03-12T15:12:51+00:00","mainEntityOfPage":{"@id":"https:\/\/fixfm.lt\/de\/kurzentrum-egles-sanatorija-eroeffnete-ein-tageszentrum-in-vilnius\/"},"wordCount":239,"publisher":{"@id":"https:\/\/fixfm.lt\/de\/#organization"},"image":{"@id":"https:\/\/fixfm.lt\/de\/kurzentrum-egles-sanatorija-eroeffnete-ein-tageszentrum-in-vilnius\/#primaryimage"},"thumbnailUrl":"https:\/\/fixfm.lt\/app\/uploads\/2023\/06\/DS_2052-scaled.jpg","articleSection":["Nachricht"],"inLanguage":"de-DE"},{"@type":"WebPage","@id":"https:\/\/fixfm.lt\/de\/kurzentrum-egles-sanatorija-eroeffnete-ein-tageszentrum-in-vilnius\/","url":"https:\/\/fixfm.lt\/de\/kurzentrum-egles-sanatorija-eroeffnete-ein-tageszentrum-in-vilnius\/","name":"Kurzentrum \u201eEgl\u0117s sanatorija\u201c er\u00f6ffnete ein Tageszentrum in Vilnius - Sanatorija","isPartOf":{"@id":"https:\/\/fixfm.lt\/de\/#website"},"primaryImageOfPage":{"@id":"https:\/\/fixfm.lt\/de\/kurzentrum-egles-sanatorija-eroeffnete-ein-tageszentrum-in-vilnius\/#primaryimage"},"image":{"@id":"https:\/\/fixfm.lt\/de\/kurzentrum-egles-sanatorija-eroeffnete-ein-tageszentrum-in-vilnius\/#primaryimage"},"thumbnailUrl":"https:\/\/fixfm.lt\/app\/uploads\/2023\/06\/DS_2052-scaled.jpg","datePublished":"2023-06-28T16:13:58+00:00","dateModified":"2024-03-12T15:12:51+00:00","description":"Seit \u00fcber 50 Jahren schafft und pflegt das Kurzentrum \u201eEgl\u0117s sanatorija\u201c seine Kurbehandlungstraditionen, bewahrt hohe Kompetenz der Mitarbeiter und","breadcrumb":{"@id":"https:\/\/fixfm.lt\/de\/kurzentrum-egles-sanatorija-eroeffnete-ein-tageszentrum-in-vilnius\/#breadcrumb"},"inLanguage":"de-DE","potentialAction":[{"@type":"ReadAction","target":["https:\/\/fixfm.lt\/de\/kurzentrum-egles-sanatorija-eroeffnete-ein-tageszentrum-in-vilnius\/"]}]},{"@type":"ImageObject","inLanguage":"de-DE","@id":"https:\/\/fixfm.lt\/de\/kurzentrum-egles-sanatorija-eroeffnete-ein-tageszentrum-in-vilnius\/#primaryimage","url":"https:\/\/fixfm.lt\/app\/uploads\/2023\/06\/DS_2052-scaled.jpg","contentUrl":"https:\/\/fixfm.lt\/app\/uploads\/2023\/06\/DS_2052-scaled.jpg","width":2560,"height":1707},{"@type":"BreadcrumbList","@id":"https:\/\/fixfm.lt\/de\/kurzentrum-egles-sanatorija-eroeffnete-ein-tageszentrum-in-vilnius\/#breadcrumb","itemListElement":[{"@type":"ListItem","position":1,"name":"Home","item":"https:\/\/fixfm.lt\/de\/"},{"@type":"ListItem","position":2,"name":"Kurzentrum \u201eEgl\u0117s sanatorija\u201c er\u00f6ffnete ein Tageszentrum in Vilnius"}]},{"@type":"WebSite","@id":"https:\/\/fixfm.lt\/de\/#website","url":"https:\/\/fixfm.lt\/de\/","name":"Sanatorija","description":"Egl\u0117s sanatorija","publisher":{"@id":"https:\/\/fixfm.lt\/de\/#organization"},"potentialAction":[{"@type":"SearchAction","target":{"@type":"EntryPoint","urlTemplate":"https:\/\/fixfm.lt\/de\/?s={search_term_string}"},"query-input":"required name=search_term_string"}],"inLanguage":"de-DE"},{"@type":"Organization","@id":"https:\/\/fixfm.lt\/de\/#organization","name":"Sanatorija","url":"https:\/\/fixfm.lt\/de\/","logo":{"@type":"ImageObject","inLanguage":"de-DE","@id":"https:\/\/fixfm.lt\/de\/#\/schema\/logo\/image\/","url":"https:\/\/fixfm.lt\/app\/uploads\/2023\/03\/main-logo.svg","contentUrl":"https:\/\/fixfm.lt\/app\/uploads\/2023\/03\/main-logo.svg","width":100,"height":81,"caption":"Sanatorija"},"image":{"@id":"https:\/\/fixfm.lt\/de\/#\/schema\/logo\/image\/"},"sameAs":["https:\/\/www.facebook.com\/eglessanatorija\/","https:\/\/lt.linkedin.com\/company\/medical-spa-egles-sanatorija","https:\/\/www.instagram.com\/sanatorija\/","https:\/\/www.youtube.com\/channel\/UC3p2-SDkLF83WXjBZMYXYtQ"]},{"@type":"Person","@id":"https:\/\/fixfm.lt\/de\/#\/schema\/person\/626319a891b9275c0146c4b55efddc74","name":"sanatorija-edita","image":{"@type":"ImageObject","inLanguage":"de-DE","@id":"https:\/\/fixfm.lt\/de\/#\/schema\/person\/image\/","url":"https:\/\/secure.gravatar.com\/avatar\/c8329dfd94151d753eebe334aca585cd4967182d46de2d1b204bf45aa80ab37d?s=96&d=mm&r=g","contentUrl":"https:\/\/secure.gravatar.com\/avatar\/c8329dfd94151d753eebe334aca585cd4967182d46de2d1b204bf45aa80ab37d?s=96&d=mm&r=g","caption":"sanatorija-edita"}}]}},"_links":{"self":[{"href":"https:\/\/fixfm.lt\/de\/wp-json\/wp\/v2\/posts\/5815","targetHints":{"allow":["GET"]}}],"collection":[{"href":"https:\/\/fixfm.lt\/de\/wp-json\/wp\/v2\/posts"}],"about":[{"href":"https:\/\/fixfm.lt\/de\/wp-json\/wp\/v2\/types\/post"}],"author":[{"embeddable":true,"href":"https:\/\/fixfm.lt\/de\/wp-json\/wp\/v2\/users\/2"}],"replies":[{"embeddable":true,"href":"https:\/\/fixfm.lt\/de\/wp-json\/wp\/v2\/comments?post=5815"}],"version-history":[{"count":1,"href":"https:\/\/fixfm.lt\/de\/wp-json\/wp\/v2\/posts\/5815\/revisions"}],"predecessor-version":[{"id":15087,"href":"https:\/\/fixfm.lt\/de\/wp-json\/wp\/v2\/posts\/5815\/revisions\/15087"}],"wp:featuredmedia":[{"embeddable":true,"href":"https:\/\/fixfm.lt\/de\/wp-json\/wp\/v2\/media\/3451"}],"wp:attachment":[{"href":"https:\/\/fixfm.lt\/de\/wp-json\/wp\/v2\/media?parent=5815"}],"wp:term":[{"taxonomy":"category","embeddable":true,"href":"https:\/\/fixfm.lt\/de\/wp-json\/wp\/v2\/categories?post=5815"},{"taxonomy":"post_tag","embeddable":true,"href":"https:\/\/fixfm.lt\/de\/wp-json\/wp\/v2\/tags?post=5815"},{"taxonomy":"display-locations_cat","embeddable":true,"href":"https:\/\/fixfm.lt\/de\/wp-json\/wp\/v2\/display-locations_cat?post=5815"},{"taxonomy":"post-city_cat","embeddable":true,"href":"https:\/\/fixfm.lt\/de\/wp-json\/wp\/v2\/post-city_cat?post=5815"}],"curies":[{"name":"wp","href":"https:\/\/api.w.org\/{rel}","templated":true}]}}