{"id":13065,"date":"2024-01-23T07:33:05","date_gmt":"2024-01-23T07:33:05","guid":{"rendered":"https:\/\/fixfm.lt\/?p=13065"},"modified":"2024-01-23T07:47:32","modified_gmt":"2024-01-23T07:47:32","slug":"das-kurzentrum-egles-sanatorija-wurde-in-europa-fuer-innovationskraft-ausgezeichnet","status":"publish","type":"post","link":"https:\/\/fixfm.lt\/de\/das-kurzentrum-egles-sanatorija-wurde-in-europa-fuer-innovationskraft-ausgezeichnet\/","title":{"rendered":"Das Kurzentrum \u201eEgl\u0117s sanatorija\u201c wurde in Europa f\u00fcr Innovationskraft ausgezeichnet"},"content":{"rendered":"\n<p>In der Tschechischen Republik, im Kurort Karlovy Vary, wurden prestigetr\u00e4chtige Auszeichnungen der Europ\u00e4ischen Assoziation der Kurorte (ESPA) verliehen und die besten europ\u00e4ischen Gesundheits- und Wellnessunternehmen 2023 bekannt gegeben. Die Vergabe des ESPA-Innovationshauptpreises ging an das Kurzentrum \u201eEgl\u0117s sanatorija\u201c.<\/p>\n\n\n\n<p>\u201eIch freue mich recht herzlich dar\u00fcber und bin stolz auf solche prestigetr\u00e4chtige Auszeichnung. Das Kurzentrum \u201eEgl\u0117s sanatorija\u201c hat diese Anerkennung f\u00fcr die f\u00fchrende Mobile App im Bereich Wellness geerntet, die j\u00e4hrlich 60 000 unserer Kunden erm\u00f6glicht, unsere Leistungen noch bequemer zu nutzen. Dar\u00fcber hinaus wurde eine Begr\u00fc\u00dfung f\u00fcr Nachhaltigkeitsprojekte ausgesprochen, die man im Kurzentrum umgesetzt hat \u2013 installierte Ladestationen f\u00fcr Elektrofahrzeuge und Solarkraftwerke. Das sind wichtige Nachrichten \u00fcber Litauen f\u00fcr die ganze Gemeinde der europ\u00e4ischen Gesundheits- und Wellnesszentren\u201c, so Art\u016bras Salda, Gesch\u00e4ftsf\u00fchrer des Kurzentrums \u201eEgl\u0117s sanatorija\u201c.<\/p>\n\n\n\n<p>ESPA, unter Beteiligung von Mitgliedern aus 20 europ\u00e4ischen L\u00e4ndern, verleiht die Innovationspreise schon zum sechsten Mal in Folge. W\u00e4hrend der Veranstaltung werden Gesundheits- und Wellnessunternehmen, die in europ\u00e4ischen Resorts funktionieren, f\u00fcr ihre Leistungen, innovativen Ideen und Verbreitung bew\u00e4hrter Verfahren beurteilt.<\/p>\n\n\n\n<p>Das Kurzentrum \u201eEgl\u0117s sanatorija\u201c erhielt den ESPA-Innovationspreis f\u00fcr die Mobil App, die es 2020 als erstes in Litauen im Wellness Bereich installiert hatte und st\u00e4ndig verbessert, indem man Anmerkungen und W\u00fcnsche der Kunden beachtet. Diese App wurde mit dem Zweck installiert, damit man Behandlungskarten auf Papier ersetzt und noch komfortablere Bedingungen f\u00fcr die Kunden zur Gesundheitsf\u00f6rderung im Kurzentrum schafft.<\/p>\n\n\n\n<p>Die Verleihung von ESPA-Innovationspreisen ist eine prestigetr\u00e4chtige Veranstaltung der Europ\u00e4ischen Assoziation der Kurorte sowie des ganzen europ\u00e4ischen Gesundheits- und Wellnessbereichs, die nicht nur die Gelegenheit bietet, wahrgenommen und anerkannt zu werden, sondern f\u00f6rdert auch die Kommunikation, den Austausch bew\u00e4hrter Verfahren und Verbesserungen.<\/p>\n","protected":false},"excerpt":{"rendered":"<p>In der Tschechischen Republik, im Kurort Karlovy Vary, wurden prestigetr\u00e4chtige Auszeichnungen der Europ\u00e4ischen Assoziation der Kurorte (ESPA) verliehen und die besten europ\u00e4ischen Gesundheits- und Wellnessunternehmen 2023 bekannt gegeben. Die Vergabe des ESPA-Innovationshauptpreises ging an das Kurzentrum \u201eEgl\u0117s sanatorija\u201c. \u201eIch freue mich recht herzlich dar\u00fcber und bin stolz auf solche prestigetr\u00e4chtige Auszeichnung. Das Kurzentrum \u201eEgl\u0117s sanatorija\u201c [&hellip;]<\/p>\n","protected":false},"author":3,"featured_media":13047,"comment_status":"closed","ping_status":"closed","sticky":false,"template":"","format":"standard","meta":{"_acf_changed":false,"inline_featured_image":false,"footnotes":""},"categories":[168],"tags":[],"display-locations_cat":[],"post-city_cat":[],"class_list":["post-13065","post","type-post","status-publish","format-standard","has-post-thumbnail","hentry","category-nachricht"],"acf":{"header_image":13047,"summary":"In der Tschechischen Republik, im Kurort Karlovy Vary, wurden prestigetr\u00e4chtige Auszeichnungen der Europ\u00e4ischen Assoziation der Kurorte (ESPA) verliehen und die besten europ\u00e4ischen Gesundheits- und Wellnessunternehmen 2023 bekannt gegeben. Die Vergabe des ESPA-Innovationshauptpreises ging an das Kurzentrum \u201eEgl\u0117s sanatorija\u201c.","moble_summary":"\u010cekijoje, Karlovy Vary kurorte vykusiuose presti\u017einiuose Europos kurort\u0173 asociacijos (ESPA) apdovanojimuose, kuriuose buvo paskelbtos geriausios 2023 met\u0173 Europos sveikatinimo ir sveikatingumo \u012fmon\u0117s, \u201eEgl\u0117s sanatorija\u201c laim\u0117jo pagrindin\u012f apdovanojim\u0105 u\u017e inovatyvum\u0105.","show_in_related":"yes","valid_from":null,"valid_until":null},"yoast_head":"<!-- This site is optimized with the Yoast SEO plugin v22.9 - https:\/\/yoast.com\/wordpress\/plugins\/seo\/ -->\n<title>Das Kurzentrum \u201eEgl\u0117s sanatorija\u201c wurde in Europa f\u00fcr Innovationskraft ausgezeichnet - Sanatorija<\/title>\n<meta name=\"description\" content=\"In der Tschechischen Republik, im Kurort Karlovy Vary, wurden prestigetr\u00e4chtige Auszeichnungen der Europ\u00e4ischen Assoziation der Kurorte (ESPA) verliehen\" \/>\n<meta name=\"robots\" content=\"index, follow, max-snippet:-1, max-image-preview:large, max-video-preview:-1\" \/>\n<link rel=\"canonical\" href=\"https:\/\/fixfm.lt\/de\/das-kurzentrum-egles-sanatorija-wurde-in-europa-fuer-innovationskraft-ausgezeichnet\/\" \/>\n<meta property=\"og:locale\" content=\"de_DE\" \/>\n<meta property=\"og:type\" content=\"article\" \/>\n<meta property=\"og:title\" content=\"Das Kurzentrum \u201eEgl\u0117s sanatorija\u201c wurde in Europa f\u00fcr Innovationskraft ausgezeichnet - Sanatorija\" \/>\n<meta property=\"og:description\" content=\"In der Tschechischen Republik, im Kurort Karlovy Vary, wurden prestigetr\u00e4chtige Auszeichnungen der Europ\u00e4ischen Assoziation der Kurorte (ESPA) verliehen\" \/>\n<meta property=\"og:url\" content=\"https:\/\/fixfm.lt\/de\/das-kurzentrum-egles-sanatorija-wurde-in-europa-fuer-innovationskraft-ausgezeichnet\/\" \/>\n<meta property=\"og:site_name\" content=\"Sanatorija\" \/>\n<meta property=\"article:publisher\" content=\"https:\/\/www.facebook.com\/eglessanatorija\/\" \/>\n<meta property=\"article:published_time\" content=\"2024-01-23T07:33:05+00:00\" \/>\n<meta property=\"article:modified_time\" content=\"2024-01-23T07:47:32+00:00\" \/>\n<meta property=\"og:image\" content=\"https:\/\/fixfm.lt\/app\/uploads\/2024\/01\/DS_1068-scaled.jpg\" \/>\n\t<meta property=\"og:image:width\" content=\"2560\" \/>\n\t<meta property=\"og:image:height\" content=\"1707\" \/>\n\t<meta property=\"og:image:type\" content=\"image\/jpeg\" \/>\n<meta name=\"author\" content=\"R\u016bta Dr\u016blien\u0117\" \/>\n<meta name=\"twitter:label1\" content=\"Written by\" \/>\n\t<meta name=\"twitter:data1\" content=\"R\u016bta Dr\u016blien\u0117\" \/>\n\t<meta name=\"twitter:label2\" content=\"Est. reading time\" \/>\n\t<meta name=\"twitter:data2\" content=\"2 minutes\" \/>\n<script type=\"application\/ld+json\" class=\"yoast-schema-graph\">{\"@context\":\"https:\/\/schema.org\",\"@graph\":[{\"@type\":\"NewsArticle\",\"@id\":\"https:\/\/fixfm.lt\/de\/das-kurzentrum-egles-sanatorija-wurde-in-europa-fuer-innovationskraft-ausgezeichnet\/#article\",\"isPartOf\":{\"@id\":\"https:\/\/fixfm.lt\/de\/das-kurzentrum-egles-sanatorija-wurde-in-europa-fuer-innovationskraft-ausgezeichnet\/\"},\"author\":{\"name\":\"R\u016bta Dr\u016blien\u0117\",\"@id\":\"https:\/\/fixfm.lt\/de\/#\/schema\/person\/8addae046b28188b400a26838b3dc86b\"},\"headline\":\"Das Kurzentrum \u201eEgl\u0117s sanatorija\u201c wurde in Europa f\u00fcr Innovationskraft ausgezeichnet\",\"datePublished\":\"2024-01-23T07:33:05+00:00\",\"dateModified\":\"2024-01-23T07:47:32+00:00\",\"mainEntityOfPage\":{\"@id\":\"https:\/\/fixfm.lt\/de\/das-kurzentrum-egles-sanatorija-wurde-in-europa-fuer-innovationskraft-ausgezeichnet\/\"},\"wordCount\":309,\"publisher\":{\"@id\":\"https:\/\/fixfm.lt\/de\/#organization\"},\"image\":{\"@id\":\"https:\/\/fixfm.lt\/de\/das-kurzentrum-egles-sanatorija-wurde-in-europa-fuer-innovationskraft-ausgezeichnet\/#primaryimage\"},\"thumbnailUrl\":\"https:\/\/fixfm.lt\/app\/uploads\/2024\/01\/DS_1068-scaled.jpg\",\"articleSection\":[\"Nachricht\"],\"inLanguage\":\"de-DE\"},{\"@type\":\"WebPage\",\"@id\":\"https:\/\/fixfm.lt\/de\/das-kurzentrum-egles-sanatorija-wurde-in-europa-fuer-innovationskraft-ausgezeichnet\/\",\"url\":\"https:\/\/fixfm.lt\/de\/das-kurzentrum-egles-sanatorija-wurde-in-europa-fuer-innovationskraft-ausgezeichnet\/\",\"name\":\"Das Kurzentrum \u201eEgl\u0117s sanatorija\u201c wurde in Europa f\u00fcr Innovationskraft ausgezeichnet - Sanatorija\",\"isPartOf\":{\"@id\":\"https:\/\/fixfm.lt\/de\/#website\"},\"primaryImageOfPage\":{\"@id\":\"https:\/\/fixfm.lt\/de\/das-kurzentrum-egles-sanatorija-wurde-in-europa-fuer-innovationskraft-ausgezeichnet\/#primaryimage\"},\"image\":{\"@id\":\"https:\/\/fixfm.lt\/de\/das-kurzentrum-egles-sanatorija-wurde-in-europa-fuer-innovationskraft-ausgezeichnet\/#primaryimage\"},\"thumbnailUrl\":\"https:\/\/fixfm.lt\/app\/uploads\/2024\/01\/DS_1068-scaled.jpg\",\"datePublished\":\"2024-01-23T07:33:05+00:00\",\"dateModified\":\"2024-01-23T07:47:32+00:00\",\"description\":\"In der Tschechischen Republik, im Kurort Karlovy Vary, wurden prestigetr\u00e4chtige Auszeichnungen der Europ\u00e4ischen Assoziation der Kurorte (ESPA) verliehen\",\"breadcrumb\":{\"@id\":\"https:\/\/fixfm.lt\/de\/das-kurzentrum-egles-sanatorija-wurde-in-europa-fuer-innovationskraft-ausgezeichnet\/#breadcrumb\"},\"inLanguage\":\"de-DE\",\"potentialAction\":[{\"@type\":\"ReadAction\",\"target\":[\"https:\/\/fixfm.lt\/de\/das-kurzentrum-egles-sanatorija-wurde-in-europa-fuer-innovationskraft-ausgezeichnet\/\"]}]},{\"@type\":\"ImageObject\",\"inLanguage\":\"de-DE\",\"@id\":\"https:\/\/fixfm.lt\/de\/das-kurzentrum-egles-sanatorija-wurde-in-europa-fuer-innovationskraft-ausgezeichnet\/#primaryimage\",\"url\":\"https:\/\/fixfm.lt\/app\/uploads\/2024\/01\/DS_1068-scaled.jpg\",\"contentUrl\":\"https:\/\/fixfm.lt\/app\/uploads\/2024\/01\/DS_1068-scaled.jpg\",\"width\":2560,\"height\":1707},{\"@type\":\"BreadcrumbList\",\"@id\":\"https:\/\/fixfm.lt\/de\/das-kurzentrum-egles-sanatorija-wurde-in-europa-fuer-innovationskraft-ausgezeichnet\/#breadcrumb\",\"itemListElement\":[{\"@type\":\"ListItem\",\"position\":1,\"name\":\"Home\",\"item\":\"https:\/\/fixfm.lt\/de\/\"},{\"@type\":\"ListItem\",\"position\":2,\"name\":\"Das Kurzentrum \u201eEgl\u0117s sanatorija\u201c wurde in Europa f\u00fcr Innovationskraft ausgezeichnet\"}]},{\"@type\":\"WebSite\",\"@id\":\"https:\/\/fixfm.lt\/de\/#website\",\"url\":\"https:\/\/fixfm.lt\/de\/\",\"name\":\"Sanatorija\",\"description\":\"Egl\u0117s sanatorija\",\"publisher\":{\"@id\":\"https:\/\/fixfm.lt\/de\/#organization\"},\"potentialAction\":[{\"@type\":\"SearchAction\",\"target\":{\"@type\":\"EntryPoint\",\"urlTemplate\":\"https:\/\/fixfm.lt\/de\/?s={search_term_string}\"},\"query-input\":\"required name=search_term_string\"}],\"inLanguage\":\"de-DE\"},{\"@type\":\"Organization\",\"@id\":\"https:\/\/fixfm.lt\/de\/#organization\",\"name\":\"Sanatorija\",\"url\":\"https:\/\/fixfm.lt\/de\/\",\"logo\":{\"@type\":\"ImageObject\",\"inLanguage\":\"de-DE\",\"@id\":\"https:\/\/fixfm.lt\/de\/#\/schema\/logo\/image\/\",\"url\":\"https:\/\/fixfm.lt\/app\/uploads\/2023\/03\/main-logo.svg\",\"contentUrl\":\"https:\/\/fixfm.lt\/app\/uploads\/2023\/03\/main-logo.svg\",\"width\":100,\"height\":81,\"caption\":\"Sanatorija\"},\"image\":{\"@id\":\"https:\/\/fixfm.lt\/de\/#\/schema\/logo\/image\/\"},\"sameAs\":[\"https:\/\/www.facebook.com\/eglessanatorija\/\",\"https:\/\/lt.linkedin.com\/company\/medical-spa-egles-sanatorija\",\"https:\/\/www.instagram.com\/sanatorija\/\",\"https:\/\/www.youtube.com\/channel\/UC3p2-SDkLF83WXjBZMYXYtQ\"]},{\"@type\":\"Person\",\"@id\":\"https:\/\/fixfm.lt\/de\/#\/schema\/person\/8addae046b28188b400a26838b3dc86b\",\"name\":\"R\u016bta Dr\u016blien\u0117\",\"image\":{\"@type\":\"ImageObject\",\"inLanguage\":\"de-DE\",\"@id\":\"https:\/\/fixfm.lt\/de\/#\/schema\/person\/image\/\",\"url\":\"https:\/\/secure.gravatar.com\/avatar\/dfdf3e2a69c82ae757000d4dd4eb4ed7c2a9db38754e38ab4228a15cf6101454?s=96&d=mm&r=g\",\"contentUrl\":\"https:\/\/secure.gravatar.com\/avatar\/dfdf3e2a69c82ae757000d4dd4eb4ed7c2a9db38754e38ab4228a15cf6101454?s=96&d=mm&r=g\",\"caption\":\"R\u016bta Dr\u016blien\u0117\"}}]}<\/script>\n<!-- \/ Yoast SEO plugin. -->","yoast_head_json":{"title":"Das Kurzentrum \u201eEgl\u0117s sanatorija\u201c wurde in Europa f\u00fcr Innovationskraft ausgezeichnet - Sanatorija","description":"In der Tschechischen Republik, im Kurort Karlovy Vary, wurden prestigetr\u00e4chtige Auszeichnungen der Europ\u00e4ischen Assoziation der Kurorte (ESPA) verliehen","robots":{"index":"index","follow":"follow","max-snippet":"max-snippet:-1","max-image-preview":"max-image-preview:large","max-video-preview":"max-video-preview:-1"},"canonical":"https:\/\/fixfm.lt\/de\/das-kurzentrum-egles-sanatorija-wurde-in-europa-fuer-innovationskraft-ausgezeichnet\/","og_locale":"de_DE","og_type":"article","og_title":"Das Kurzentrum \u201eEgl\u0117s sanatorija\u201c wurde in Europa f\u00fcr Innovationskraft ausgezeichnet - Sanatorija","og_description":"In der Tschechischen Republik, im Kurort Karlovy Vary, wurden prestigetr\u00e4chtige Auszeichnungen der Europ\u00e4ischen Assoziation der Kurorte (ESPA) verliehen","og_url":"https:\/\/fixfm.lt\/de\/das-kurzentrum-egles-sanatorija-wurde-in-europa-fuer-innovationskraft-ausgezeichnet\/","og_site_name":"Sanatorija","article_publisher":"https:\/\/www.facebook.com\/eglessanatorija\/","article_published_time":"2024-01-23T07:33:05+00:00","article_modified_time":"2024-01-23T07:47:32+00:00","og_image":[{"width":2560,"height":1707,"url":"https:\/\/fixfm.lt\/app\/uploads\/2024\/01\/DS_1068-scaled.jpg","type":"image\/jpeg"}],"author":"R\u016bta Dr\u016blien\u0117","twitter_misc":{"Written by":"R\u016bta Dr\u016blien\u0117","Est. reading time":"2 minutes"},"schema":{"@context":"https:\/\/schema.org","@graph":[{"@type":"NewsArticle","@id":"https:\/\/fixfm.lt\/de\/das-kurzentrum-egles-sanatorija-wurde-in-europa-fuer-innovationskraft-ausgezeichnet\/#article","isPartOf":{"@id":"https:\/\/fixfm.lt\/de\/das-kurzentrum-egles-sanatorija-wurde-in-europa-fuer-innovationskraft-ausgezeichnet\/"},"author":{"name":"R\u016bta Dr\u016blien\u0117","@id":"https:\/\/fixfm.lt\/de\/#\/schema\/person\/8addae046b28188b400a26838b3dc86b"},"headline":"Das Kurzentrum \u201eEgl\u0117s sanatorija\u201c wurde in Europa f\u00fcr Innovationskraft ausgezeichnet","datePublished":"2024-01-23T07:33:05+00:00","dateModified":"2024-01-23T07:47:32+00:00","mainEntityOfPage":{"@id":"https:\/\/fixfm.lt\/de\/das-kurzentrum-egles-sanatorija-wurde-in-europa-fuer-innovationskraft-ausgezeichnet\/"},"wordCount":309,"publisher":{"@id":"https:\/\/fixfm.lt\/de\/#organization"},"image":{"@id":"https:\/\/fixfm.lt\/de\/das-kurzentrum-egles-sanatorija-wurde-in-europa-fuer-innovationskraft-ausgezeichnet\/#primaryimage"},"thumbnailUrl":"https:\/\/fixfm.lt\/app\/uploads\/2024\/01\/DS_1068-scaled.jpg","articleSection":["Nachricht"],"inLanguage":"de-DE"},{"@type":"WebPage","@id":"https:\/\/fixfm.lt\/de\/das-kurzentrum-egles-sanatorija-wurde-in-europa-fuer-innovationskraft-ausgezeichnet\/","url":"https:\/\/fixfm.lt\/de\/das-kurzentrum-egles-sanatorija-wurde-in-europa-fuer-innovationskraft-ausgezeichnet\/","name":"Das Kurzentrum \u201eEgl\u0117s sanatorija\u201c wurde in Europa f\u00fcr Innovationskraft ausgezeichnet - Sanatorija","isPartOf":{"@id":"https:\/\/fixfm.lt\/de\/#website"},"primaryImageOfPage":{"@id":"https:\/\/fixfm.lt\/de\/das-kurzentrum-egles-sanatorija-wurde-in-europa-fuer-innovationskraft-ausgezeichnet\/#primaryimage"},"image":{"@id":"https:\/\/fixfm.lt\/de\/das-kurzentrum-egles-sanatorija-wurde-in-europa-fuer-innovationskraft-ausgezeichnet\/#primaryimage"},"thumbnailUrl":"https:\/\/fixfm.lt\/app\/uploads\/2024\/01\/DS_1068-scaled.jpg","datePublished":"2024-01-23T07:33:05+00:00","dateModified":"2024-01-23T07:47:32+00:00","description":"In der Tschechischen Republik, im Kurort Karlovy Vary, wurden prestigetr\u00e4chtige Auszeichnungen der Europ\u00e4ischen Assoziation der Kurorte (ESPA) verliehen","breadcrumb":{"@id":"https:\/\/fixfm.lt\/de\/das-kurzentrum-egles-sanatorija-wurde-in-europa-fuer-innovationskraft-ausgezeichnet\/#breadcrumb"},"inLanguage":"de-DE","potentialAction":[{"@type":"ReadAction","target":["https:\/\/fixfm.lt\/de\/das-kurzentrum-egles-sanatorija-wurde-in-europa-fuer-innovationskraft-ausgezeichnet\/"]}]},{"@type":"ImageObject","inLanguage":"de-DE","@id":"https:\/\/fixfm.lt\/de\/das-kurzentrum-egles-sanatorija-wurde-in-europa-fuer-innovationskraft-ausgezeichnet\/#primaryimage","url":"https:\/\/fixfm.lt\/app\/uploads\/2024\/01\/DS_1068-scaled.jpg","contentUrl":"https:\/\/fixfm.lt\/app\/uploads\/2024\/01\/DS_1068-scaled.jpg","width":2560,"height":1707},{"@type":"BreadcrumbList","@id":"https:\/\/fixfm.lt\/de\/das-kurzentrum-egles-sanatorija-wurde-in-europa-fuer-innovationskraft-ausgezeichnet\/#breadcrumb","itemListElement":[{"@type":"ListItem","position":1,"name":"Home","item":"https:\/\/fixfm.lt\/de\/"},{"@type":"ListItem","position":2,"name":"Das Kurzentrum \u201eEgl\u0117s sanatorija\u201c wurde in Europa f\u00fcr Innovationskraft ausgezeichnet"}]},{"@type":"WebSite","@id":"https:\/\/fixfm.lt\/de\/#website","url":"https:\/\/fixfm.lt\/de\/","name":"Sanatorija","description":"Egl\u0117s sanatorija","publisher":{"@id":"https:\/\/fixfm.lt\/de\/#organization"},"potentialAction":[{"@type":"SearchAction","target":{"@type":"EntryPoint","urlTemplate":"https:\/\/fixfm.lt\/de\/?s={search_term_string}"},"query-input":"required name=search_term_string"}],"inLanguage":"de-DE"},{"@type":"Organization","@id":"https:\/\/fixfm.lt\/de\/#organization","name":"Sanatorija","url":"https:\/\/fixfm.lt\/de\/","logo":{"@type":"ImageObject","inLanguage":"de-DE","@id":"https:\/\/fixfm.lt\/de\/#\/schema\/logo\/image\/","url":"https:\/\/fixfm.lt\/app\/uploads\/2023\/03\/main-logo.svg","contentUrl":"https:\/\/fixfm.lt\/app\/uploads\/2023\/03\/main-logo.svg","width":100,"height":81,"caption":"Sanatorija"},"image":{"@id":"https:\/\/fixfm.lt\/de\/#\/schema\/logo\/image\/"},"sameAs":["https:\/\/www.facebook.com\/eglessanatorija\/","https:\/\/lt.linkedin.com\/company\/medical-spa-egles-sanatorija","https:\/\/www.instagram.com\/sanatorija\/","https:\/\/www.youtube.com\/channel\/UC3p2-SDkLF83WXjBZMYXYtQ"]},{"@type":"Person","@id":"https:\/\/fixfm.lt\/de\/#\/schema\/person\/8addae046b28188b400a26838b3dc86b","name":"R\u016bta Dr\u016blien\u0117","image":{"@type":"ImageObject","inLanguage":"de-DE","@id":"https:\/\/fixfm.lt\/de\/#\/schema\/person\/image\/","url":"https:\/\/secure.gravatar.com\/avatar\/dfdf3e2a69c82ae757000d4dd4eb4ed7c2a9db38754e38ab4228a15cf6101454?s=96&d=mm&r=g","contentUrl":"https:\/\/secure.gravatar.com\/avatar\/dfdf3e2a69c82ae757000d4dd4eb4ed7c2a9db38754e38ab4228a15cf6101454?s=96&d=mm&r=g","caption":"R\u016bta Dr\u016blien\u0117"}}]}},"_links":{"self":[{"href":"https:\/\/fixfm.lt\/de\/wp-json\/wp\/v2\/posts\/13065","targetHints":{"allow":["GET"]}}],"collection":[{"href":"https:\/\/fixfm.lt\/de\/wp-json\/wp\/v2\/posts"}],"about":[{"href":"https:\/\/fixfm.lt\/de\/wp-json\/wp\/v2\/types\/post"}],"author":[{"embeddable":true,"href":"https:\/\/fixfm.lt\/de\/wp-json\/wp\/v2\/users\/3"}],"replies":[{"embeddable":true,"href":"https:\/\/fixfm.lt\/de\/wp-json\/wp\/v2\/comments?post=13065"}],"version-history":[{"count":0,"href":"https:\/\/fixfm.lt\/de\/wp-json\/wp\/v2\/posts\/13065\/revisions"}],"wp:featuredmedia":[{"embeddable":true,"href":"https:\/\/fixfm.lt\/de\/wp-json\/wp\/v2\/media\/13047"}],"wp:attachment":[{"href":"https:\/\/fixfm.lt\/de\/wp-json\/wp\/v2\/media?parent=13065"}],"wp:term":[{"taxonomy":"category","embeddable":true,"href":"https:\/\/fixfm.lt\/de\/wp-json\/wp\/v2\/categories?post=13065"},{"taxonomy":"post_tag","embeddable":true,"href":"https:\/\/fixfm.lt\/de\/wp-json\/wp\/v2\/tags?post=13065"},{"taxonomy":"display-locations_cat","embeddable":true,"href":"https:\/\/fixfm.lt\/de\/wp-json\/wp\/v2\/display-locations_cat?post=13065"},{"taxonomy":"post-city_cat","embeddable":true,"href":"https:\/\/fixfm.lt\/de\/wp-json\/wp\/v2\/post-city_cat?post=13065"}],"curies":[{"name":"wp","href":"https:\/\/api.w.org\/{rel}","templated":true}]}}